{"id":17293,"date":"2025-05-15T09:38:45","date_gmt":"2025-05-15T09:38:45","guid":{"rendered":"https:\/\/www.itsperfect.io\/?p=17293"},"modified":"2025-05-21T12:22:01","modified_gmt":"2025-05-21T12:22:01","slug":"aperitivo-pitti-uomo-textilwirtschaft-connect","status":"publish","type":"post","link":"https:\/\/www.itsperfect.io\/de\/resources\/aperitivo-pitti-uomo-textilwirtschaft-connect\/","title":{"rendered":"Begleiten Sie uns zu einem Aperitif auf der Pitti Uomo &#8211; TextilWirtschaft x fashion connect, powered by Itsperfect"},"content":{"rendered":"\n<p>Nach erfolgreichen Events bei der CIFF, SundaySchool und den D\u00fcsseldorf Fashion Days steht unser n\u00e4chstes Get-together an \u2013 diesmal im wundersch\u00f6nen Italien! \ud83c\uddee\ud83c\uddf9 <\/p>\n\n<p>In Zusammenarbeit mit TextilWirtschaft veranstalten wir ein besonderes Get-together w\u00e4hrend der Pitti Uomo im Herzen von Florenz. Nehmen Sie sich eine kurze Auszeit vom Messetrubel, genie\u00dfen Sie einen erfrischenden Aperitif und f\u00fchren Sie gute Gespr\u00e4che \u2013 in einer traumhaften Kulisse in der Fortezza da Basso. <\/p>\n\n<h2 class=\"wp-block-heading\">TextilWirtschaft x fashion connect &#8211; powered by Itsperfect<\/h2>\n\n<p><br\/>\ud83d\udccd Terrasse Sala della Scherma, Pitti Uomo, Florenz<br\/>\ud83d\udcc5 Dienstag, 17. Juni 2025<br\/>\ud83d\udd53 16:00 &#8211; 18:00 Uhr<br\/>\ud83c\udf78 Getr\u00e4nke und Essen werden bereitgestellt<\/p>\n\n<p>Das ist die ideale Gelegenheit, um sich mit Branchenkollegen zu vernetzen, Ideen zu teilen und sich in angenehmer, inspirierender Atmosph\u00e4re auszutauschen.<\/p>\n\n<p>Wir freuen uns darauf, mit Ihnen anzusto\u00dfen \u2013<br\/>Gute Leute. Gute Gespr\u00e4che.<\/p>\n\n<p>Sind Sie bei der Pitti Uomo dabei? Wir w\u00fcrden uns freuen, Sie dort zu sehen!<br\/>\ud83d\udc49 Bitte registrieren Sie sich <a href=\"https:\/\/www.textilwirtschaft.de\/events\/tw-x-fashion-connect-florenz-272\" data-type=\"link\" data-id=\"https:\/\/www.textilwirtschaft.de\/events\/tw-x-fashion-connect-florenz-272\" target=\"_blank\" rel=\"noopener\">hier f\u00fcr den Aperitif<\/a> <\/p>\n\n<p><\/p>\n\n<h2 class=\"wp-block-heading\">\u00dcber Pitti Uomo &#8211; Wo Mode auf Einfluss trifft<\/h2>\n\n<p>Die Pitti Uomo ist eines der renommiertesten internationalen Events f\u00fcr M\u00e4nnermode und Lifestyle. Zweimal im Jahr zieht es Modefachleute, Eink\u00e4ufer, Journalisten und Influencer aus aller Welt nach Florenz. Innovative Mode, zeitlose Schneiderkunst und trendsetzender Streetstyle machen die Messe zu einem Hotspot f\u00fcr frische Ideen und Inspiration.  <\/p>\n\n<p>Von international etablierten Marken bis hin zu innovativen Newcomern \u2013 die Pitti Uomo pr\u00e4sentiert ein breites Spektrum an Kollektionen: von klassischer Schneiderkunst \u00fcber hochwertige Streetwear bis hin zu Accessoires, Schuhen und Lifestyle-Produkten. Sie ist ein fester Termin im internationalen Modekalender und setzt die Trends f\u00fcr kommende Saisons. <\/p>\n\n<p>Mehr als nur eine Modemesse: Die Pitti Uomo ist eine Plattform f\u00fcr Kreativit\u00e4t, Networking und kulturellen Austausch. Mit Sonderprojekten, Ausstellungen und Vortr\u00e4gen schafft sie Raum f\u00fcr zukunftsorientierte Diskussionen rund um die Zukunft der M\u00e4nnermode und der Modebranche insgesamt.  <\/p>\n\n<p>Vom 17. bis 20. Juni findet die Sommerausgabe der Pitti Uomo statt und zum ersten Mal ist auch Becycle mit dabei, das neue Event von Pitti Immagine zum Thema Cycling, das in der Sala della Ronda stattfinden wird.<\/p>\n\n<h2 class=\"wp-block-heading\">Der Standort: Fortezza da Basso &#8211; Ein historisches Wahrzeichen im Herzen von Florenz<\/h2>\n\n<p>Unser Get-together findet in der Fortezza da Basso statt, dem ikonischen Veranstaltungsort der Pitti Uomo. Die eindrucksvolle Renaissance-Festung aus dem 16. Jahrhundert ist l\u00e4ngst zu einem Symbol f\u00fcr die Bedeutung von Florenz in der internationalen Modewelt geworden. Mit ihren gro\u00dffl\u00e4chigen Innenh\u00f6fen, gro\u00dfartigen S\u00e4len und malerischen Terrassen bietet sie eine einzigartige Kulisse, in der Geschichte und moderner Stil aufeinandertreffen.  <\/p>\n\n<p>Die Terrasse der Sala della Scherma, in der unser Aperitif stattfindet, geh\u00f6rt zu den charmantesten Pl\u00e4tzen der Fortezza. Ruhig gelegen und doch zentral ist sie der perfekte Ort f\u00fcr eine kurze Pause mitten im Messegeschehen. <\/p>\n\n<p>Egal, ob Sie in Florenz sind, um Ihre Marke zu pr\u00e4sentieren, neue Trends zu entdecken oder sich von der lebendigen Modeszene inspirieren zu lassen, unser Aperitif bietet Ihnen einen Moment der Ruhe und des Austauschs. Wo Business auf Genuss trifft \u2013 und wertvolle Kontakte entstehen. Wir freuen uns auf Sie!  <\/p>\n","protected":false},"excerpt":{"rendered":"<p>Nach erfolgreichen Events bei der CIFF, SundaySchool und den D\u00fcsseldorf Fashion Days steht unser n\u00e4chstes Get-together an \u2013 diesmal im wundersch\u00f6nen Italien! \ud83c\uddee\ud83c\uddf9 In Zusammenarbeit mit TextilWirtschaft veranstalten wir ein besonderes Get-together w\u00e4hrend der Pitti Uomo im Herzen von Florenz. Nehmen Sie sich eine kurze Auszeit vom Messetrubel, genie\u00dfen Sie einen erfrischenden Aperitif und f\u00fchren [&hellip;]<\/p>\n","protected":false},"author":4,"featured_media":17328,"comment_status":"closed","ping_status":"closed","sticky":false,"template":"","format":"standard","meta":{"_acf_changed":false,"footnotes":""},"categories":[104,109],"tags":[110],"class_list":["post-17293","post","type-post","status-publish","format-standard","has-post-thumbnail","hentry","category-resources","category-news","tag-news-de"],"acf":[],"_links":{"self":[{"href":"https:\/\/www.itsperfect.io\/de\/wp-json\/wp\/v2\/posts\/17293","targetHints":{"allow":["GET"]}}],"collection":[{"href":"https:\/\/www.itsperfect.io\/de\/wp-json\/wp\/v2\/posts"}],"about":[{"href":"https:\/\/www.itsperfect.io\/de\/wp-json\/wp\/v2\/types\/post"}],"author":[{"embeddable":true,"href":"https:\/\/www.itsperfect.io\/de\/wp-json\/wp\/v2\/users\/4"}],"replies":[{"embeddable":true,"href":"https:\/\/www.itsperfect.io\/de\/wp-json\/wp\/v2\/comments?post=17293"}],"version-history":[{"count":0,"href":"https:\/\/www.itsperfect.io\/de\/wp-json\/wp\/v2\/posts\/17293\/revisions"}],"wp:featuredmedia":[{"embeddable":true,"href":"https:\/\/www.itsperfect.io\/de\/wp-json\/wp\/v2\/media\/17328"}],"wp:attachment":[{"href":"https:\/\/www.itsperfect.io\/de\/wp-json\/wp\/v2\/media?parent=17293"}],"wp:term":[{"taxonomy":"category","embeddable":true,"href":"https:\/\/www.itsperfect.io\/de\/wp-json\/wp\/v2\/categories?post=17293"},{"taxonomy":"post_tag","embeddable":true,"href":"https:\/\/www.itsperfect.io\/de\/wp-json\/wp\/v2\/tags?post=17293"}],"curies":[{"name":"wp","href":"https:\/\/api.w.org\/{rel}","templated":true}]}}